{"id":1470,"date":"2021-05-07T07:48:20","date_gmt":"2021-05-07T07:48:20","guid":{"rendered":"http:\/\/wp3.kgsblumenthal.de\/?p=1470"},"modified":"2021-05-07T07:49:21","modified_gmt":"2021-05-07T07:49:21","slug":"lisum-sommerakademie-fuer-eltern-am-29-05-2021","status":"publish","type":"post","link":"https:\/\/wp3.kgsblumenthal.de\/?p=1470","title":{"rendered":"LISUM &#8211; Sommerakademie f\u00fcr Eltern am 29.05.2021"},"content":{"rendered":"\n<p>Die j\u00e4hrliche Sommerakademie f\u00fcr Eltern im Landesinstitut f\u00fcr Schule und Medien Berlin-<br>Brandenburg ist ein Fortbildungstag f\u00fcr Berliner und Brandenburger Eltern mit einem bun-<br>ten Programm zu Erziehungs- und Bildungsthemen. Aufgrund der Corona-Pandemie<br>musste der Termin im Mai 2020 leider entfallen und wird in diesem Jahr als Online-Veran-<br>staltung nachgeholt.<\/p>\n\n\n\n<p><a href=\"https:\/\/wp3.kgsblumenthal.de\/wp-content\/uploads\/2021\/05\/Programm_Sommerakademie_29_05_2021.pdf\" target=\"_blank\" rel=\"noreferrer noopener\">mehr Infos in diesem PDF<\/a><\/p>\n","protected":false},"excerpt":{"rendered":"<p>Die j\u00e4hrliche Sommerakademie f\u00fcr Eltern im Landesinstitut f\u00fcr Schule und Medien Berlin-Brandenburg ist ein Fortbildungstag f\u00fcr Berliner und Brandenburger Eltern mit einem bun-ten Programm zu Erziehungs- und Bildungsthemen. Aufgrund der Corona-Pandemiemusste der Termin im Mai 2020 leider entfallen und wird&hellip; <\/p>\n","protected":false},"author":2,"featured_media":0,"comment_status":"closed","ping_status":"closed","sticky":false,"template":"","format":"standard","meta":{"footnotes":""},"categories":[1],"tags":[],"class_list":["post-1470","post","type-post","status-publish","format-standard","hentry","category-uncategorized"],"_links":{"self":[{"href":"https:\/\/wp3.kgsblumenthal.de\/index.php?rest_route=\/wp\/v2\/posts\/1470","targetHints":{"allow":["GET"]}}],"collection":[{"href":"https:\/\/wp3.kgsblumenthal.de\/index.php?rest_route=\/wp\/v2\/posts"}],"about":[{"href":"https:\/\/wp3.kgsblumenthal.de\/index.php?rest_route=\/wp\/v2\/types\/post"}],"author":[{"embeddable":true,"href":"https:\/\/wp3.kgsblumenthal.de\/index.php?rest_route=\/wp\/v2\/users\/2"}],"replies":[{"embeddable":true,"href":"https:\/\/wp3.kgsblumenthal.de\/index.php?rest_route=%2Fwp%2Fv2%2Fcomments&post=1470"}],"version-history":[{"count":2,"href":"https:\/\/wp3.kgsblumenthal.de\/index.php?rest_route=\/wp\/v2\/posts\/1470\/revisions"}],"predecessor-version":[{"id":1473,"href":"https:\/\/wp3.kgsblumenthal.de\/index.php?rest_route=\/wp\/v2\/posts\/1470\/revisions\/1473"}],"wp:attachment":[{"href":"https:\/\/wp3.kgsblumenthal.de\/index.php?rest_route=%2Fwp%2Fv2%2Fmedia&parent=1470"}],"wp:term":[{"taxonomy":"category","embeddable":true,"href":"https:\/\/wp3.kgsblumenthal.de\/index.php?rest_route=%2Fwp%2Fv2%2Fcategories&post=1470"},{"taxonomy":"post_tag","embeddable":true,"href":"https:\/\/wp3.kgsblumenthal.de\/index.php?rest_route=%2Fwp%2Fv2%2Ftags&post=1470"}],"curies":[{"name":"wp","href":"https:\/\/api.w.org\/{rel}","templated":true}]}}