{"id":1891,"date":"2022-02-10T11:47:14","date_gmt":"2022-02-10T11:47:14","guid":{"rendered":"http:\/\/wp3.kgsblumenthal.de\/?p=1891"},"modified":"2022-02-10T11:48:49","modified_gmt":"2022-02-10T11:48:49","slug":"selbsttest-ab-10-02-2022","status":"publish","type":"post","link":"https:\/\/wp3.kgsblumenthal.de\/?p=1891","title":{"rendered":"Selbsttest ab 10.02.2022"},"content":{"rendered":"\n<p>Liebe Eltern und Sch\u00fcler,<\/p>\n\n\n\n<p>Aufgrund \u00a7 24 der 2. SARS-CoV-2-Eind\u00e4mmungsverordnung ist ab dem <strong>10. Februar 2022<\/strong> an <strong>allen<\/strong><br><strong>Schultagen pro Woche eine tagesaktuelle<\/strong> (nicht l\u00e4nger als 24 Stunden zur\u00fcckliegende)<a href=\"https:\/\/wp3.kgsblumenthal.de\/wp-content\/uploads\/2022\/02\/Anlage-2-Anlage-1-Bescheinigung-Selbsttest-ab-10.02.2022.pdf\"> Bescheinigung<\/a><br>\u00fcber einen Antigen-Schnelltest oder einen anderen Test auf das Coronavirus SARS-CoV-2 mit negativem<br>Testergebnis Voraussetzung f\u00fcr das Betreten der Schulen. <br>Die geimpften und genesenen Sch\u00fcler\/innen, f\u00fcr die eine rechtliche Verpflichtung nicht besteht,<br>sind im Schutzinteresse aller an Schule Beteiligten gebeten, sich unterrichtst\u00e4glich zu testen.<\/p>\n","protected":false},"excerpt":{"rendered":"<p>Liebe Eltern und Sch\u00fcler, Aufgrund \u00a7 24 der 2. SARS-CoV-2-Eind\u00e4mmungsverordnung ist ab dem 10. Februar 2022 an allenSchultagen pro Woche eine tagesaktuelle (nicht l\u00e4nger als 24 Stunden zur\u00fcckliegende) Bescheinigung\u00fcber einen Antigen-Schnelltest oder einen anderen Test auf das Coronavirus SARS-CoV-2 mit&hellip; <\/p>\n","protected":false},"author":9,"featured_media":0,"comment_status":"closed","ping_status":"closed","sticky":false,"template":"","format":"standard","meta":{"footnotes":""},"categories":[1],"tags":[],"class_list":["post-1891","post","type-post","status-publish","format-standard","hentry","category-uncategorized"],"_links":{"self":[{"href":"https:\/\/wp3.kgsblumenthal.de\/index.php?rest_route=\/wp\/v2\/posts\/1891","targetHints":{"allow":["GET"]}}],"collection":[{"href":"https:\/\/wp3.kgsblumenthal.de\/index.php?rest_route=\/wp\/v2\/posts"}],"about":[{"href":"https:\/\/wp3.kgsblumenthal.de\/index.php?rest_route=\/wp\/v2\/types\/post"}],"author":[{"embeddable":true,"href":"https:\/\/wp3.kgsblumenthal.de\/index.php?rest_route=\/wp\/v2\/users\/9"}],"replies":[{"embeddable":true,"href":"https:\/\/wp3.kgsblumenthal.de\/index.php?rest_route=%2Fwp%2Fv2%2Fcomments&post=1891"}],"version-history":[{"count":2,"href":"https:\/\/wp3.kgsblumenthal.de\/index.php?rest_route=\/wp\/v2\/posts\/1891\/revisions"}],"predecessor-version":[{"id":1896,"href":"https:\/\/wp3.kgsblumenthal.de\/index.php?rest_route=\/wp\/v2\/posts\/1891\/revisions\/1896"}],"wp:attachment":[{"href":"https:\/\/wp3.kgsblumenthal.de\/index.php?rest_route=%2Fwp%2Fv2%2Fmedia&parent=1891"}],"wp:term":[{"taxonomy":"category","embeddable":true,"href":"https:\/\/wp3.kgsblumenthal.de\/index.php?rest_route=%2Fwp%2Fv2%2Fcategories&post=1891"},{"taxonomy":"post_tag","embeddable":true,"href":"https:\/\/wp3.kgsblumenthal.de\/index.php?rest_route=%2Fwp%2Fv2%2Ftags&post=1891"}],"curies":[{"name":"wp","href":"https:\/\/api.w.org\/{rel}","templated":true}]}}