{"id":1901,"date":"2022-03-02T08:14:38","date_gmt":"2022-03-02T08:14:38","guid":{"rendered":"http:\/\/wp3.kgsblumenthal.de\/?p=1901"},"modified":"2022-03-02T08:14:38","modified_gmt":"2022-03-02T08:14:38","slug":"achtung-neuigkeiten-ab-07-03-2022","status":"publish","type":"post","link":"https:\/\/wp3.kgsblumenthal.de\/?p=1901","title":{"rendered":"Achtung Neuigkeiten ab 07.03.2022!!!"},"content":{"rendered":"\n<p><strong>Fernbleiben vom Unterricht (\u00a7 24 Abs. 7 der 3. SARS-CoV-2-EindV)<\/strong><br>Ab Montag, den <strong>7. M\u00e4rz 2022<\/strong>, gilt f\u00fcr alle Sch\u00fclerlinnen wieder die Pflicht zur Teilnahme <br>am Pr\u00e4senzunterricht, das Fernbleiben vom Pr\u00e4senzunterricht f\u00fcr Sch\u00fcler\/innen <br>bestimmter Jahrgangsstufen ist ab diesem Tag grunds\u00e4tzlich nicht mehr m\u00f6glich.<br><\/p>\n\n\n\n<p><strong>Testung ab 07.03.2022<\/strong><br>Ab Montag, den 7. M\u00e4rz 2022 m\u00fcssen sich Sch\u00fcler\/innen,<br>die keinen Impf- oder Genesenennachweis haben, am Montag,<br>Mittwoch und Freitag und damit nur noch <strong>dreimal <\/strong>in einer Schulwoche <br>testen (\u00a7 24 Abs. 2 der 3. SARS-CoV-2-Find V).<br>Geimpfte und genesene Sch\u00fcler\/innen und in der Schule T\u00e4tige k\u00f6nnen<br>sich freiwillig testen, hierf\u00fcr stellen die Schulen die erforderlichen Tests<br>zur Verf\u00fcgung.<\/p>\n","protected":false},"excerpt":{"rendered":"<p>Fernbleiben vom Unterricht (\u00a7 24 Abs. 7 der 3. SARS-CoV-2-EindV)Ab Montag, den 7. M\u00e4rz 2022, gilt f\u00fcr alle Sch\u00fclerlinnen wieder die Pflicht zur Teilnahme am Pr\u00e4senzunterricht, das Fernbleiben vom Pr\u00e4senzunterricht f\u00fcr Sch\u00fcler\/innen bestimmter Jahrgangsstufen ist ab diesem Tag grunds\u00e4tzlich nicht&hellip; <\/p>\n","protected":false},"author":9,"featured_media":0,"comment_status":"closed","ping_status":"closed","sticky":false,"template":"","format":"standard","meta":{"footnotes":""},"categories":[1],"tags":[],"class_list":["post-1901","post","type-post","status-publish","format-standard","hentry","category-uncategorized"],"_links":{"self":[{"href":"https:\/\/wp3.kgsblumenthal.de\/index.php?rest_route=\/wp\/v2\/posts\/1901","targetHints":{"allow":["GET"]}}],"collection":[{"href":"https:\/\/wp3.kgsblumenthal.de\/index.php?rest_route=\/wp\/v2\/posts"}],"about":[{"href":"https:\/\/wp3.kgsblumenthal.de\/index.php?rest_route=\/wp\/v2\/types\/post"}],"author":[{"embeddable":true,"href":"https:\/\/wp3.kgsblumenthal.de\/index.php?rest_route=\/wp\/v2\/users\/9"}],"replies":[{"embeddable":true,"href":"https:\/\/wp3.kgsblumenthal.de\/index.php?rest_route=%2Fwp%2Fv2%2Fcomments&post=1901"}],"version-history":[{"count":1,"href":"https:\/\/wp3.kgsblumenthal.de\/index.php?rest_route=\/wp\/v2\/posts\/1901\/revisions"}],"predecessor-version":[{"id":1902,"href":"https:\/\/wp3.kgsblumenthal.de\/index.php?rest_route=\/wp\/v2\/posts\/1901\/revisions\/1902"}],"wp:attachment":[{"href":"https:\/\/wp3.kgsblumenthal.de\/index.php?rest_route=%2Fwp%2Fv2%2Fmedia&parent=1901"}],"wp:term":[{"taxonomy":"category","embeddable":true,"href":"https:\/\/wp3.kgsblumenthal.de\/index.php?rest_route=%2Fwp%2Fv2%2Fcategories&post=1901"},{"taxonomy":"post_tag","embeddable":true,"href":"https:\/\/wp3.kgsblumenthal.de\/index.php?rest_route=%2Fwp%2Fv2%2Ftags&post=1901"}],"curies":[{"name":"wp","href":"https:\/\/api.w.org\/{rel}","templated":true}]}}