{"id":1914,"date":"2022-03-31T06:42:37","date_gmt":"2022-03-31T06:42:37","guid":{"rendered":"http:\/\/wp3.kgsblumenthal.de\/?p=1914"},"modified":"2022-03-31T06:47:25","modified_gmt":"2022-03-31T06:47:25","slug":"aktuelle-verordnung-ab-04-04-2022","status":"publish","type":"post","link":"https:\/\/wp3.kgsblumenthal.de\/?p=1914","title":{"rendered":"Aktuelle Verordnung ab 04.04.2022"},"content":{"rendered":"\n<ol class=\"wp-block-list\"><li>Alle <strong>Abstandsregeln<\/strong> entfallen ab Montag, den 4. April 2022<\/li><li><strong>Maskenpflicht: <\/strong><br>&#8211; die Pflicht zum Tragen einer Maske im Innen- und Au\u00dfenbereich der Schule f\u00fcr Sch\u00fcler\/innen, Lehrkr\u00e4fte und das sonstige Schulpersonal sowie Besucher\/innen entf\u00e4llt<br>&#8211; Maskenpflicht bei der Nutzung des \u00d6ffentlichen Personalverkehrs bzw. des Sch\u00fclerverkehrs gillt, dass alle Fahrg\u00e4ste eine FFP 2- Maske  zu tragen haben,<br>  bei der Sch\u00fclerbef\u00f6rderung gilt bis zum vollendeten 14. Lebensjahr ist das Tragen einer OP-Maske ausreichend<\/li><li><strong>Testkonzept:<\/strong><br>&#8211; Testungen Montag, Mittwoch und Freitag mit Bescheinigung wie bisher<\/li><li><strong>Hort Osterferien<\/strong>:<br>&#8211; Sch\u00fcler\/innen, die in den Osterferien den Hort besuchen, erhalten von der Schule drei Tests pro Ferienwoche, <br>  Bitte eigenst\u00e4ndig im Sekretariat melden.<\/li><\/ol>\n","protected":false},"excerpt":{"rendered":"<p>Alle Abstandsregeln entfallen ab Montag, den 4. April 2022 Maskenpflicht: &#8211; die Pflicht zum Tragen einer Maske im Innen- und Au\u00dfenbereich der Schule f\u00fcr Sch\u00fcler\/innen, Lehrkr\u00e4fte und das sonstige Schulpersonal sowie Besucher\/innen entf\u00e4llt&#8211; Maskenpflicht bei der Nutzung des \u00d6ffentlichen Personalverkehrs&hellip; <\/p>\n","protected":false},"author":9,"featured_media":0,"comment_status":"closed","ping_status":"closed","sticky":false,"template":"","format":"standard","meta":{"footnotes":""},"categories":[1],"tags":[],"class_list":["post-1914","post","type-post","status-publish","format-standard","hentry","category-uncategorized"],"_links":{"self":[{"href":"https:\/\/wp3.kgsblumenthal.de\/index.php?rest_route=\/wp\/v2\/posts\/1914","targetHints":{"allow":["GET"]}}],"collection":[{"href":"https:\/\/wp3.kgsblumenthal.de\/index.php?rest_route=\/wp\/v2\/posts"}],"about":[{"href":"https:\/\/wp3.kgsblumenthal.de\/index.php?rest_route=\/wp\/v2\/types\/post"}],"author":[{"embeddable":true,"href":"https:\/\/wp3.kgsblumenthal.de\/index.php?rest_route=\/wp\/v2\/users\/9"}],"replies":[{"embeddable":true,"href":"https:\/\/wp3.kgsblumenthal.de\/index.php?rest_route=%2Fwp%2Fv2%2Fcomments&post=1914"}],"version-history":[{"count":5,"href":"https:\/\/wp3.kgsblumenthal.de\/index.php?rest_route=\/wp\/v2\/posts\/1914\/revisions"}],"predecessor-version":[{"id":1920,"href":"https:\/\/wp3.kgsblumenthal.de\/index.php?rest_route=\/wp\/v2\/posts\/1914\/revisions\/1920"}],"wp:attachment":[{"href":"https:\/\/wp3.kgsblumenthal.de\/index.php?rest_route=%2Fwp%2Fv2%2Fmedia&parent=1914"}],"wp:term":[{"taxonomy":"category","embeddable":true,"href":"https:\/\/wp3.kgsblumenthal.de\/index.php?rest_route=%2Fwp%2Fv2%2Fcategories&post=1914"},{"taxonomy":"post_tag","embeddable":true,"href":"https:\/\/wp3.kgsblumenthal.de\/index.php?rest_route=%2Fwp%2Fv2%2Ftags&post=1914"}],"curies":[{"name":"wp","href":"https:\/\/api.w.org\/{rel}","templated":true}]}}